{"id":13713,"date":"2017-07-28T03:18:55","date_gmt":"2017-07-28T01:18:55","guid":{"rendered":"\/blog\/?p=13713"},"modified":"2023-05-12T12:21:52","modified_gmt":"2023-05-12T10:21:52","slug":"cartoon-de-la-semaine-clash-entre-mark-zuckerberg-et-elon-musk-sur-lintelligence-artificielle","status":"publish","type":"post","link":"https:\/\/www.exoplatform.com\/blog\/fr\/cartoon-de-la-semaine-clash-entre-mark-zuckerberg-et-elon-musk-sur-lintelligence-artificielle\/","title":{"rendered":"Cartoon de la semaine: Clash entre Mark Zuckerberg et Elon Musk sur l&#8217;intelligence artificielle"},"content":{"rendered":"<p>Les deux milliardaires Mark Zuckerberg et Elon Musk ne sont pas d\u2019accord sur le futur de l\u2019intelligence artificielle et le font savoir sur la toile.<\/p>\n<p>Quand il s\u2019agit d\u2019intelligence artificielle, il ne faut surtout pas chauffer le patron de Tesla et SpaceX. Depuis mardi, les deux n&#8217;arr\u00eatent pas de se clasher. Mark a trait\u00e9 Elon d\u2019irresponsable. Elon Musk quant \u00e0 lui trouve que la compr\u00e9hension de Zuckerberg du sujet limit\u00e9e.<\/p>\n<p>Les peurs d\u2019Elon Musk ne sont pas infond\u00e9es. En effet ce dernier met en garde contre l&#8217;av\u00e8nement de l\u2019intelligence artificielle qu\u2019il consid\u00e8re comme \u00e9tant le plus grand danger pour la civilisation humaine et craint m\u00eame un sc\u00e9nario apocalyptique.<\/p>\n<p>Pour lui le seul moyen de limiter son pouvoir est plus de r\u00e9gulations de la part des Etats.<\/p>\n<p>N\u2019h\u00e9sitez pas \u00e0 consulter la <a href=\"https:\/\/www.exoplatform.com\/blog\/2017\/07\/28\/cartoon-week-musk-zuckerberg-clash-artificial-intelligence\/\">version anglaise<\/a> de notre Cartoon pour plus de d\u00e9tails.<\/p>\n<p>&nbsp;<\/p>\n<p><em><strong>Suivez nous pour plus de Cartoons!<\/strong><\/em><\/p>\n<p><a href=\"http:\/\/www.pinterest.com\/exoplatform\/cartoon-of-the-week\/\" data-pin-do=\"embedBoard\" data-pin-scale-width=\"80\" data-pin-scale-height=\"200\" data-pin-board-width=\"400\" target=\"_blank\" rel=\"noopener\">Follow eXo Platform&#8217;s board Cartoon of the Week on Pinterest.<\/a><!-- Please call pinit.js only once per page --><script src=\"\/\/assets.pinterest.com\/js\/pinit.js\" async=\"\" type=\"text\/javascript\"><\/script><\/p>\n","protected":false},"excerpt":{"rendered":"Les deux milliardaires Mark Zuckerberg et Elon Musk ne sont pas d\u2019accord sur le futur de l\u2019intelligence artificielle et le font savoir sur la toile. Quand il s\u2019agit d\u2019intelligence artificielle, il ne faut surtout pas chauffer le patron de Tesla et SpaceX. Depuis mardi, les deux n&#8217;arr\u00eatent pas de se clasher. Mark a trait\u00e9 Elon [&hellip;]","protected":false},"author":4,"featured_media":13714,"comment_status":"open","ping_status":"open","sticky":false,"template":"","format":"image","meta":[],"categories":[411],"tags":[608,1128],"lang":"fr","translations":{"fr":13713},"pll_sync_post":[],"_links":{"self":[{"href":"https:\/\/www.exoplatform.com\/blog\/wp-json\/wp\/v2\/posts\/13713"}],"collection":[{"href":"https:\/\/www.exoplatform.com\/blog\/wp-json\/wp\/v2\/posts"}],"about":[{"href":"https:\/\/www.exoplatform.com\/blog\/wp-json\/wp\/v2\/types\/post"}],"author":[{"embeddable":true,"href":"https:\/\/www.exoplatform.com\/blog\/wp-json\/wp\/v2\/users\/4"}],"replies":[{"embeddable":true,"href":"https:\/\/www.exoplatform.com\/blog\/wp-json\/wp\/v2\/comments?post=13713"}],"version-history":[{"count":0,"href":"https:\/\/www.exoplatform.com\/blog\/wp-json\/wp\/v2\/posts\/13713\/revisions"}],"wp:featuredmedia":[{"embeddable":true,"href":"https:\/\/www.exoplatform.com\/blog\/wp-json\/wp\/v2\/media\/13714"}],"wp:attachment":[{"href":"https:\/\/www.exoplatform.com\/blog\/wp-json\/wp\/v2\/media?parent=13713"}],"wp:term":[{"taxonomy":"category","embeddable":true,"href":"https:\/\/www.exoplatform.com\/blog\/wp-json\/wp\/v2\/categories?post=13713"},{"taxonomy":"post_tag","embeddable":true,"href":"https:\/\/www.exoplatform.com\/blog\/wp-json\/wp\/v2\/tags?post=13713"}],"curies":[{"name":"wp","href":"https:\/\/api.w.org\/{rel}","templated":true}]}}